{"id":8762,"date":"2024-01-30T09:59:04","date_gmt":"2024-01-30T09:59:04","guid":{"rendered":"https:\/\/social-media24.pl\/jak-usunac-urodziny-facebooka-z-kalendarza\/"},"modified":"2024-10-27T22:52:28","modified_gmt":"2024-10-27T22:52:28","slug":"jak-usunac-urodziny-facebooka-z-kalendarza","status":"publish","type":"post","link":"https:\/\/social-media24.pl\/es\/jak-usunac-urodziny-facebooka-z-kalendarza\/","title":{"rendered":"C\u00f3mo eliminar los cumplea\u00f1os de Facebook de tu calendario"},"content":{"rendered":"<p><\/p>\n<div id=\"mntl-sc-page_1-0\" data-sc-sticky-offset=\"90\" data-sc-ad-label-height=\"24\" data-sc-ad-track-spacing=\"100\" data-sc-min-track-height=\"250\" data-sc-max-track-height=\"600\" data-sc-breakpoint=\"50em\" data-sc-load-immediate=\"4\" data-bind-scroll-on-start=\"true\" data-sc-content-positions=\"(1, 1050, 1250, 1550, 1950, 2350, 2750, 3150, 3550)\">\n<div id=\"mntl-sc-block_1-0\" class=\"comp theme-generic mntl-sc-block tech-sc-block-callout mntl-sc-block-callout mntl-block\" data-tracking-id=\"mntl-sc-block-callout\" data-tracking-container=\"true\">\n<h3 id=\"mntl-sc-block-callout-heading_1-0\" class=\"comp mntl-sc-block-callout-heading mntl-text-block\">\n<p>Lo que hay que saber<\/h3>\n<p><!-- end: comp mntl-sc-block-callout-heading mntl-text-block --><\/p>\n<div id=\"mntl-sc-block-callout-body_1-0\" class=\"comp mntl-sc-block-callout-body mntl-text-block\">\n<ul>\n<li>Wersja przed iOS 11: <strong>Ajustes<\/strong> &gt; <strong>Facebook<\/strong> &gt; <strong>Kalendarze<\/strong> &gt; skr\u0119ci\u0107 <strong>Wy\u0142\u0105czony<\/strong>.<\/li>\n<li>Android: Otw\u00f3rz <strong>kalendarz Google<\/strong> y seleccione <strong>Ikona z\u0119batki<\/strong> &gt; <strong>Ajustes<\/strong> &gt; <strong>Kalendarz<\/strong> &gt; <strong>Urodziny Przyjaci\u00f3\u0142<\/strong> &gt; <strong>Anuluj subskrypcj\u0119<\/strong>.<\/li>\n<li>Facebook: <strong>Men\u00fa<\/strong> &gt; <strong>Ustawienia i prywatno\u015b\u0107<\/strong> &gt; <strong>Ajustes<\/strong> &gt; <strong>Notificaciones<\/strong> &gt; wy\u0142\u0105cz powiadomienia dla <strong>Cumplea\u00f1os<\/strong>.<\/li>\n<\/ul>\n<\/div>\n<p><!-- end: comp mntl-sc-block-callout-body mntl-text-block -->\n<\/div>\n<p><!-- end: comp theme-generic mntl-sc-block tech-sc-block-callout mntl-sc-block-callout mntl-block --><\/p>\n<p id=\"mntl-sc-block_1-0-1\" class=\"comp mntl-sc-block mntl-sc-block-html\">\n<p>W tym artykule wyja\u015bniono, jak usun\u0105\u0107 urodziny Facebooka z kalendarza na wielu urz\u0105dzeniach.\n<\/p>\n<p><!-- end: comp mntl-sc-block mntl-sc-block-html --><br \/>\n<!-- end: comp mntl-sc-block mntl-sc-block-adslot mntl-block --><br \/>\n<span class=\"heading-toc\" id=\"toc-how-do-i-stop-facebook-from-putting-birthdays-on-my-calendar\" \/> <\/p>\n<h2 id=\"mntl-sc-block_1-0-3\" class=\"comp mntl-sc-block tech-sc-block-heading mntl-sc-block-heading\"> <span class=\"mntl-sc-block-heading__text\">  Jak powstrzyma\u0107 Facebook przed umieszczaniem urodzin w moim kalendarzu? <\/span> <\/h2>\n<p><!-- end: comp mntl-sc-block tech-sc-block-heading mntl-sc-block-heading --><\/p>\n<p id=\"mntl-sc-block_1-0-4\" class=\"comp mntl-sc-block mntl-sc-block-html\">\n<p>Nowsze telefony rzadziej automatycznie synchronizuj\u0105 wydarzenia z Facebooka z kalendarzem.  Chocia\u017c je\u015bli u\u017cywasz starszego urz\u0105dzenia\/systemu operacyjnego (lub r\u0119cznie zezwoli\u0142e\u015b Facebookowi na synchronizacj\u0119 z Twoim kalendarzem), nadal mo\u017ce by\u0107 konieczne odwo\u0142anie niekt\u00f3rych uprawnie\u0144.\n<\/p>\n<p><!-- end: comp mntl-sc-block mntl-sc-block-html --><br \/>\n<!-- end: comp mntl-sc-block mntl-sc-block-adslot mntl-block --><\/p>\n<p id=\"mntl-sc-block_1-0-6\" class=\"comp mntl-sc-block mntl-sc-block-html\">\n<p>Pierwsz\u0105 opcj\u0105 jest odmowa dost\u0119pu.  Je\u015bli aplikacja Facebook poprosi o dost\u0119p do kalendarza lub czy chcesz zapisa\u0107 wydarzenie w kalendarzu, odm\u00f3w.\n<\/p>\n<p><!-- end: comp mntl-sc-block mntl-sc-block-html --><br \/>\n<!-- end: comp mntl-sc-block mntl-sc-block-adslot mntl-block --><\/p>\n<h3 id=\"mntl-sc-block_1-0-8\" class=\"comp mntl-sc-block tech-sc-block-subheading mntl-sc-block-subheading\"> <span class=\"mntl-sc-block-subheading__text\">  Na iPhone&#8217;y i iPady <\/span> <\/h3>\n<p><!-- end: comp mntl-sc-block tech-sc-block-subheading mntl-sc-block-subheading --><\/p>\n<p id=\"mntl-sc-block_1-0-9\" class=\"comp mntl-sc-block mntl-sc-block-html\">\n<p>Nie b\u0119dziesz musia\u0142 wykonywa\u0107 czynno\u015bci zapobiegawczych, je\u015bli u\u017cywasz systemu iOS 11 lub nowszego, poniewa\u017c synchronizacja kalendarza Facebooka zosta\u0142a usuni\u0119ta z nowszych wersji.  Mo\u017cliwe jednak, \u017ce kalendarz pozostanie, je\u015bli wcze\u015bniej korzysta\u0142e\u015b z Facebooka we wcze\u015bniejszej wersji iOS, a nast\u0119pnie zaktualizowa\u0142e\u015b go do nowszej.\n<\/p>\n<p><!-- end: comp mntl-sc-block mntl-sc-block-html --><br \/>\n<!-- end: comp mntl-sc-block mntl-sc-block-adslot mntl-block --><\/p>\n<p id=\"mntl-sc-block_1-0-11\" class=\"comp mntl-sc-block mntl-sc-block-html\">\n<p>Je\u015bli u\u017cywasz czego\u015b starszego ni\u017c iOS 11, przejd\u017a do <strong>Ajustes<\/strong> &gt; <strong>Facebook<\/strong> &gt; <strong>Kalendarze<\/strong>a nast\u0119pnie w\u0142\u0105cz kalendarze Facebooka <strong>Wy\u0142\u0105czony<\/strong>.\n<\/p>\n<p><!-- end: comp mntl-sc-block mntl-sc-block-html --><br \/>\n<!-- end: comp mntl-sc-block mntl-sc-block-adslot mntl-block --><\/p>\n<h3 id=\"mntl-sc-block_1-0-13\" class=\"comp mntl-sc-block tech-sc-block-subheading mntl-sc-block-subheading\"> <span class=\"mntl-sc-block-subheading__text\">  Dla urz\u0105dze\u0144 z systemem Android <\/span> <\/h3>\n<p><!-- end: comp mntl-sc-block tech-sc-block-subheading mntl-sc-block-subheading --><\/p>\n<p id=\"mntl-sc-block_1-0-14\" class=\"comp mntl-sc-block mntl-sc-block-html\">\n<p>Metoda dla urz\u0105dze\u0144 z systemem Android wykorzystuje aplikacj\u0119 Kalendarz Google.\n<\/p>\n<p><!-- end: comp mntl-sc-block mntl-sc-block-html --><br \/>\n<!-- end: comp mntl-sc-block mntl-sc-block-adslot mntl-block --><\/p>\n<div id=\"mntl-sc-block_1-0-16\" class=\"comp theme-experttipnote mntl-sc-block tech-sc-block-callout mntl-sc-block-callout mntl-block\" data-tracking-id=\"mntl-sc-block-callout\" data-tracking-container=\"true\">\n<div id=\"mntl-sc-block-callout-body_1-0-1\" class=\"comp mntl-sc-block-callout-body mntl-text-block\">\n<p>Niekt\u00f3re urz\u0105dzenia z Androidem mog\u0105 nie mie\u0107 tych opcji.<\/p>\n<\/div>\n<p><!-- end: comp mntl-sc-block-callout-body mntl-text-block -->\n<\/div>\n<p><!-- end: comp theme-experttipnote mntl-sc-block tech-sc-block-callout mntl-sc-block-callout mntl-block --><\/p>\n<ol id=\"mntl-sc-block_1-0-17\" class=\"comp mntl-sc-block-group--OL mntl-sc-block mntl-sc-block-startgroup\"><!-- end: comp mntl-sc-block-group-OL mntl-sc-block mntl-sc-block-startgroup --><\/p>\n<li id=\"mntl-sc-block_1-0-18\" class=\"comp mntl-sc-block-group--LI mntl-sc-block mntl-sc-block-startgroup\"><!-- end: comp mntl-sc-block-group-LI mntl-sc-block mntl-sc-block-startgroup -->\n<p id=\"mntl-sc-block_1-0-19\" class=\"comp mntl-sc-block mntl-sc-block-html\">\n<p>Seleccione <strong>Ikona z\u0119batki<\/strong> w Kalendarzu Google.\n<\/p>\n<p><!-- end: comp mntl-sc-block mntl-sc-block-html --><br \/>\n<!-- end: comp mntl-sc-block mntl-sc-block-adslot mntl-block -->\n<\/li>\n<li id=\"mntl-sc-block_1-0-22\" class=\"comp mntl-sc-block-group--LI mntl-sc-block mntl-sc-block-startgroup\"><!-- end: comp mntl-sc-block-group-LI mntl-sc-block mntl-sc-block-startgroup -->\n<p id=\"mntl-sc-block_1-0-23\" class=\"comp mntl-sc-block mntl-sc-block-html\">\n<p>Elija <strong>Ajustes<\/strong>.\n<\/p>\n<p><!-- end: comp mntl-sc-block mntl-sc-block-html --><br \/>\n<!-- end: comp mntl-sc-block mntl-sc-block-adslot mntl-block -->\n<\/li>\n<li id=\"mntl-sc-block_1-0-26\" class=\"comp mntl-sc-block-group--LI mntl-sc-block mntl-sc-block-startgroup\"><!-- end: comp mntl-sc-block-group-LI mntl-sc-block mntl-sc-block-startgroup -->\n<p id=\"mntl-sc-block_1-0-27\" class=\"comp mntl-sc-block mntl-sc-block-html\">\n<p>Ir a <strong>Kalendarz<\/strong>.\n<\/p>\n<p><!-- end: comp mntl-sc-block mntl-sc-block-html --><br \/>\n<!-- end: comp mntl-sc-block mntl-sc-block-adslot mntl-block -->\n<\/li>\n<li id=\"mntl-sc-block_1-0-30\" class=\"comp mntl-sc-block-group--LI mntl-sc-block mntl-sc-block-startgroup\"><!-- end: comp mntl-sc-block-group-LI mntl-sc-block mntl-sc-block-startgroup -->\n<p id=\"mntl-sc-block_1-0-31\" class=\"comp mntl-sc-block mntl-sc-block-html\">\n<strong>Anuluj subskrypcj\u0119<\/strong> z \u201eUrodzin przyjaci\u00f3\u0142\u201d.\n<\/p>\n<p><!-- end: comp mntl-sc-block mntl-sc-block-html --><br \/>\n<!-- end: comp mntl-sc-block mntl-sc-block-adslot mntl-block -->\n<\/li>\n<li id=\"mntl-sc-block_1-0-34\" class=\"comp mntl-sc-block-group--LI mntl-sc-block mntl-sc-block-startgroup\"><!-- end: comp mntl-sc-block-group-LI mntl-sc-block mntl-sc-block-startgroup -->\n<p id=\"mntl-sc-block_1-0-35\" class=\"comp mntl-sc-block mntl-sc-block-html\">\n<p>Seleccione <strong>Ikona z\u0119batki<\/strong> ponownie i wybierz <strong>Synchronizuj z urz\u0105dzeniem mobilnym<\/strong> wi\u0119c zsynchronizuj zmiany.\n<\/p>\n<p><!-- end: comp mntl-sc-block mntl-sc-block-html --><br \/>\n<!-- end: comp mntl-sc-block mntl-sc-block-adslot mntl-block -->\n<\/li>\n<\/ol>\n<h3 id=\"mntl-sc-block_1-0-39\" class=\"comp mntl-sc-block tech-sc-block-subheading mntl-sc-block-subheading\"> <span class=\"mntl-sc-block-subheading__text\">  W aplikacji Facebooka <\/span> <\/h3>\n<p><!-- end: comp mntl-sc-block tech-sc-block-subheading mntl-sc-block-subheading --><\/p>\n<p id=\"mntl-sc-block_1-0-40\" class=\"comp mntl-sc-block mntl-sc-block-html\">\n<p>Mo\u017cesz tak\u017ce wy\u0142\u0105czy\u0107 te elementy kalendarza w aplikacji mobilnej Facebook.\n<\/p>\n<p><!-- end: comp mntl-sc-block mntl-sc-block-html --><br \/>\n<!-- end: comp mntl-sc-block mntl-sc-block-adslot mntl-block --><\/p>\n<ol id=\"mntl-sc-block_1-0-42\" class=\"comp mntl-sc-block-group--OL mntl-sc-block mntl-sc-block-startgroup\"><!-- end: comp mntl-sc-block-group-OL mntl-sc-block mntl-sc-block-startgroup --><\/p>\n<li id=\"mntl-sc-block_1-0-43\" class=\"comp mntl-sc-block-group--LI mntl-sc-block mntl-sc-block-startgroup\"><!-- end: comp mntl-sc-block-group-LI mntl-sc-block mntl-sc-block-startgroup -->\n<p id=\"mntl-sc-block_1-0-44\" class=\"comp mntl-sc-block mntl-sc-block-html\">\n<p>Elija <strong>Men\u00fa<\/strong> (ikona z trzema poziomymi liniami).\n<\/p>\n<p><!-- end: comp mntl-sc-block mntl-sc-block-html --><br \/>\n<!-- end: comp mntl-sc-block mntl-sc-block-adslot mntl-block -->\n<\/li>\n<li id=\"mntl-sc-block_1-0-47\" class=\"comp mntl-sc-block-group--LI mntl-sc-block mntl-sc-block-startgroup\"><!-- end: comp mntl-sc-block-group-LI mntl-sc-block mntl-sc-block-startgroup -->\n<p id=\"mntl-sc-block_1-0-48\" class=\"comp mntl-sc-block mntl-sc-block-html\">\n<p>Elija <strong>Ustawienia i prywatno\u015b\u0107<\/strong>.\n<\/p>\n<p><!-- end: comp mntl-sc-block mntl-sc-block-html --><br \/>\n<!-- end: comp mntl-sc-block mntl-sc-block-adslot mntl-block -->\n<\/li>\n<li id=\"mntl-sc-block_1-0-51\" class=\"comp mntl-sc-block-group--LI mntl-sc-block mntl-sc-block-startgroup\"><!-- end: comp mntl-sc-block-group-LI mntl-sc-block mntl-sc-block-startgroup -->\n<p id=\"mntl-sc-block_1-0-52\" class=\"comp mntl-sc-block mntl-sc-block-html\">\n<p>Ir a <strong>Ajustes <\/strong>&gt; <strong>Configuraci\u00f3n del perfil<\/strong>.\n<\/p>\n<p><!-- end: comp mntl-sc-block mntl-sc-block-html --><br \/>\n<!-- end: comp mntl-sc-block mntl-sc-block-adslot mntl-block -->\n<\/li>\n<li id=\"mntl-sc-block_1-0-55\" class=\"comp mntl-sc-block-group--LI mntl-sc-block mntl-sc-block-startgroup\"><!-- end: comp mntl-sc-block-group-LI mntl-sc-block mntl-sc-block-startgroup -->\n<p id=\"mntl-sc-block_1-0-56\" class=\"comp mntl-sc-block mntl-sc-block-html\">\n<p>Elija <strong>Notificaciones<\/strong>.\n<\/p>\n<p><!-- end: comp mntl-sc-block mntl-sc-block-html --><br \/>\n<!-- end: comp mntl-sc-block mntl-sc-block-adslot mntl-block -->\n<\/li>\n<li id=\"mntl-sc-block_1-0-59\" class=\"comp mntl-sc-block-group--LI mntl-sc-block mntl-sc-block-startgroup\"><!-- end: comp mntl-sc-block-group-LI mntl-sc-block mntl-sc-block-startgroup -->\n<p id=\"mntl-sc-block_1-0-60\" class=\"comp mntl-sc-block mntl-sc-block-html\">\n<p>de <strong>Notificaciones<\/strong> znajd\u017a i wybierz kategorie, kt\u00f3re chcesz wyciszy\u0107 (w tym przypadku <strong>Cumplea\u00f1os<\/strong>).\n<\/p>\n<p><!-- end: comp mntl-sc-block mntl-sc-block-html --><\/p>\n<figure id=\"mntl-sc-block_1-0-61\" class=\"comp mntl-sc-block-image--no-theme mntl-sc-block-image mntl-sc-block tech-sc-block-image mntl-sc-block-universal-image figure-landscape figure-high-res\">\n<\/figure>\n<p><!-- end: comp mntl-sc-block-image-no-theme mntl-sc-block-image mntl-sc-block tech-sc-block-image mntl-sc-block-universal-image figure-landscape figure-high-res --><br \/>\n<!-- end: comp mntl-sc-block mntl-sc-block-adslot mntl-block -->\n<\/li>\n<li id=\"mntl-sc-block_1-0-64\" class=\"comp mntl-sc-block-group--LI mntl-sc-block mntl-sc-block-startgroup\"><!-- end: comp mntl-sc-block-group-LI mntl-sc-block mntl-sc-block-startgroup -->\n<p id=\"mntl-sc-block_1-0-65\" class=\"comp mntl-sc-block mntl-sc-block-html\">\n<p>Wy\u0142\u0105cz wszystkie powiadomienia w wybranej kategorii, aby uniemo\u017cliwi\u0107 Facebookowi wysy\u0142anie Ci kolejnych powiadomie\u0144.\n<\/p>\n<p><!-- end: comp mntl-sc-block mntl-sc-block-html --><br \/>\n<!-- end: comp mntl-sc-block mntl-sc-block-adslot mntl-block -->\n<\/li>\n<\/ol>\n<p><span class=\"heading-toc\" id=\"toc-how-do-i-remove-facebook-birthdays-from-my-calendar\" \/> <\/p>\n<h2 id=\"mntl-sc-block_1-0-69\" class=\"comp mntl-sc-block tech-sc-block-heading mntl-sc-block-heading\"> <span class=\"mntl-sc-block-heading__text\">  Jak usun\u0105\u0107 urodziny z Facebooka z mojego kalendarza? <\/span> <\/h2>\n<p><!-- end: comp mntl-sc-block tech-sc-block-heading mntl-sc-block-heading --><\/p>\n<p id=\"mntl-sc-block_1-0-70\" class=\"comp mntl-sc-block mntl-sc-block-html\">\n<p>Nawet po usuni\u0119ciu wp\u0142ywu Facebooka na Tw\u00f3j kalendarz, nadal mo\u017cesz znale\u017a\u0107 si\u0119 z kilkoma nieudanymi urodzinami.  Proces usuwania zapisanych urodzin r\u00f3\u017cni si\u0119 nieznacznie w zale\u017cno\u015bci od platformy, ale istniej\u0105 pewne podobie\u0144stwa.  W zale\u017cno\u015bci od systemu operacyjnego mo\u017ce to by\u0107 proste prze\u0142\u0105czanie ustawie\u0144 lub nieco bardziej skomplikowany proces.<\/p>\n<p><!-- end: comp mntl-sc-block mntl-sc-block-html --><br \/>\n<!-- end: comp mntl-sc-block mntl-sc-block-adslot mntl-block --><\/p>\n<div id=\"mntl-sc-block_1-0-72\" class=\"comp theme-experttipnote mntl-sc-block tech-sc-block-callout mntl-sc-block-callout mntl-block\" data-tracking-id=\"mntl-sc-block-callout\" data-tracking-container=\"true\">\n<div id=\"mntl-sc-block-callout-body_1-0-2\" class=\"comp mntl-sc-block-callout-body mntl-text-block\">\n<p>Wi\u0119kszo\u015b\u0107 opisanych poni\u017cej krok\u00f3w spowoduje ukrycie lub usuni\u0119cie wszystkich wydarze\u0144 urodzinowych z Twojego kalendarza.  Je\u015bli nadal chcesz zachowa\u0107 zapisane daty urodzin, by\u0107 mo\u017ce b\u0119dziesz musia\u0142 p\u00f3\u017aniej wprowadzi\u0107 je ponownie lub usun\u0105\u0107 niechciane urodziny jeden po drugim.<\/p>\n<\/div>\n<p><!-- end: comp mntl-sc-block-callout-body mntl-text-block -->\n<\/div>\n<p><!-- end: comp theme-experttipnote mntl-sc-block tech-sc-block-callout mntl-sc-block-callout mntl-block --><\/p>\n<h3 id=\"mntl-sc-block_1-0-73\" class=\"comp mntl-sc-block tech-sc-block-subheading mntl-sc-block-subheading\"> <span class=\"mntl-sc-block-subheading__text\">  W iOS i iPadOS <\/span> <\/h3>\n<p><!-- end: comp mntl-sc-block tech-sc-block-subheading mntl-sc-block-subheading --><\/p>\n<p id=\"mntl-sc-block_1-0-74\" class=\"comp mntl-sc-block mntl-sc-block-html\">\n<p>Poprawka dla iPhone&#8217;\u00f3w i iPad\u00f3w korzysta z aplikacji Kalendarz.\n<\/p>\n<p><!-- end: comp mntl-sc-block mntl-sc-block-html --><br \/>\n<!-- end: comp mntl-sc-block mntl-sc-block-adslot mntl-block --><\/p>\n<ol id=\"mntl-sc-block_1-0-76\" class=\"comp mntl-sc-block-group--OL mntl-sc-block mntl-sc-block-startgroup\"><!-- end: comp mntl-sc-block-group-OL mntl-sc-block mntl-sc-block-startgroup --><\/p>\n<li id=\"mntl-sc-block_1-0-77\" class=\"comp mntl-sc-block-group--LI mntl-sc-block mntl-sc-block-startgroup\"><!-- end: comp mntl-sc-block-group-LI mntl-sc-block mntl-sc-block-startgroup -->\n<p id=\"mntl-sc-block_1-0-78\" class=\"comp mntl-sc-block mntl-sc-block-html\">\n<p>Otw\u00f3rz aplikacj\u0119 Kalendarz i \u201epomniejsz\u201d (tzn <strong>&lt;<\/strong> w lewym g\u00f3rnym rogu ekranu), a\u017c zobaczysz ca\u0142y rok.\n<\/p>\n<p><!-- end: comp mntl-sc-block mntl-sc-block-html --><br \/>\n<!-- end: comp mntl-sc-block mntl-sc-block-adslot mntl-block -->\n<\/li>\n<li id=\"mntl-sc-block_1-0-81\" class=\"comp mntl-sc-block-group--LI mntl-sc-block mntl-sc-block-startgroup\"><!-- end: comp mntl-sc-block-group-LI mntl-sc-block mntl-sc-block-startgroup -->\n<p id=\"mntl-sc-block_1-0-82\" class=\"comp mntl-sc-block mntl-sc-block-html\">\n<p>Elija <strong>Kalendarze<\/strong> u do\u0142u ekranu.\n<\/p>\n<p><!-- end: comp mntl-sc-block mntl-sc-block-html --><br \/>\n<!-- end: comp mntl-sc-block mntl-sc-block-adslot mntl-block -->\n<\/li>\n<li id=\"mntl-sc-block_1-0-85\" class=\"comp mntl-sc-block-group--LI mntl-sc-block mntl-sc-block-startgroup\"><!-- end: comp mntl-sc-block-group-LI mntl-sc-block mntl-sc-block-startgroup -->\n<p id=\"mntl-sc-block_1-0-86\" class=\"comp mntl-sc-block mntl-sc-block-html\">\n<p>Je\u015bli widzisz Facebooka na li\u015bcie kalendarzy, wy\u0142\u0105cz zaznaczenie obok jego nazwy, aby go ukry\u0107.\n<\/p>\n<p><!-- end: comp mntl-sc-block mntl-sc-block-html --><\/p>\n<figure id=\"mntl-sc-block_1-0-87\" class=\"comp mntl-sc-block-image--no-theme mntl-sc-block-image mntl-sc-block tech-sc-block-image mntl-sc-block-universal-image figure-landscape figure-high-res\">\n<\/figure>\n<p><!-- end: comp mntl-sc-block-image-no-theme mntl-sc-block-image mntl-sc-block tech-sc-block-image mntl-sc-block-universal-image figure-landscape figure-high-res --><br \/>\n<!-- end: comp mntl-sc-block mntl-sc-block-adslot mntl-block -->\n<\/li>\n<li id=\"mntl-sc-block_1-0-90\" class=\"comp mntl-sc-block-group--LI mntl-sc-block mntl-sc-block-startgroup\"><!-- end: comp mntl-sc-block-group-LI mntl-sc-block mntl-sc-block-startgroup -->\n<p id=\"mntl-sc-block_1-0-91\" class=\"comp mntl-sc-block mntl-sc-block-html\">\n<p>Lub mo\u017cesz wybra\u0107 <strong>Icono<\/strong> &gt; <strong>Usu\u0144 kalendarz<\/strong> aby go ca\u0142kowicie usun\u0105\u0107.\n<\/p>\n<p><!-- end: comp mntl-sc-block mntl-sc-block-html --><br \/>\n<!-- end: comp mntl-sc-block mntl-sc-block-adslot mntl-block -->\n<\/li>\n<li id=\"mntl-sc-block_1-0-94\" class=\"comp mntl-sc-block-group--LI mntl-sc-block mntl-sc-block-startgroup\"><!-- end: comp mntl-sc-block-group-LI mntl-sc-block mntl-sc-block-startgroup -->\n<p id=\"mntl-sc-block_1-0-95\" class=\"comp mntl-sc-block mntl-sc-block-html\">\n<p>Je\u015bli nie mo\u017cesz znale\u017a\u0107 kalendarza na Facebooku, mo\u017cesz r\u00f3wnie\u017c usun\u0105\u0107 jego zaznaczenie <strong>Cumplea\u00f1os<\/strong> zamiast tego ukry\u0107 wszystkie urodziny w kalendarzu.\n<\/p>\n<p><!-- end: comp mntl-sc-block mntl-sc-block-html --><\/p>\n<figure id=\"mntl-sc-block_1-0-96\" class=\"comp mntl-sc-block-image--no-theme mntl-sc-block-image mntl-sc-block tech-sc-block-image mntl-sc-block-universal-image figure-landscape figure-high-res\">\n<\/figure>\n<p><!-- end: comp mntl-sc-block-image-no-theme mntl-sc-block-image mntl-sc-block tech-sc-block-image mntl-sc-block-universal-image figure-landscape figure-high-res --><br \/>\n<!-- end: comp mntl-sc-block mntl-sc-block-adslot mntl-block -->\n<\/li>\n<\/ol>\n<h3 id=\"mntl-sc-block_1-0-100\" class=\"comp mntl-sc-block tech-sc-block-subheading mntl-sc-block-subheading\"> <span class=\"mntl-sc-block-subheading__text\">  W Androidzie <\/span> <\/h3>\n<p><!-- end: comp mntl-sc-block tech-sc-block-subheading mntl-sc-block-subheading --><\/p>\n<p id=\"mntl-sc-block_1-0-101\" class=\"comp mntl-sc-block mntl-sc-block-html\">\n<p>Udasz si\u0119 do swoich ustawie\u0144, aby z\u0142apa\u0107 resztki urodzin z Facebooka w Androidzie.\n<\/p>\n<p><!-- end: comp mntl-sc-block mntl-sc-block-html --><br \/>\n<!-- end: comp mntl-sc-block mntl-sc-block-adslot mntl-block --><\/p>\n<ol id=\"mntl-sc-block_1-0-103\" class=\"comp mntl-sc-block-group--OL mntl-sc-block mntl-sc-block-startgroup\"><!-- end: comp mntl-sc-block-group-OL mntl-sc-block mntl-sc-block-startgroup --><\/p>\n<li id=\"mntl-sc-block_1-0-104\" class=\"comp mntl-sc-block-group--LI mntl-sc-block mntl-sc-block-startgroup\"><!-- end: comp mntl-sc-block-group-LI mntl-sc-block mntl-sc-block-startgroup -->\n<p id=\"mntl-sc-block_1-0-105\" class=\"comp mntl-sc-block mntl-sc-block-html\">\n<p>abra <strong>Ajustes<\/strong>.\n<\/p>\n<p><!-- end: comp mntl-sc-block mntl-sc-block-html --><br \/>\n<!-- end: comp mntl-sc-block mntl-sc-block-adslot mntl-block -->\n<\/li>\n<li id=\"mntl-sc-block_1-0-108\" class=\"comp mntl-sc-block-group--LI mntl-sc-block mntl-sc-block-startgroup\"><!-- end: comp mntl-sc-block-group-LI mntl-sc-block mntl-sc-block-startgroup -->\n<p id=\"mntl-sc-block_1-0-109\" class=\"comp mntl-sc-block mntl-sc-block-html\">\n<p>Elija <strong>Aplicaciones<\/strong> O <strong>Aplikacje i powiadomienia<\/strong>.\n<\/p>\n<p><!-- end: comp mntl-sc-block mntl-sc-block-html --><br \/>\n<!-- end: comp mntl-sc-block mntl-sc-block-adslot mntl-block -->\n<\/li>\n<li id=\"mntl-sc-block_1-0-112\" class=\"comp mntl-sc-block-group--LI mntl-sc-block mntl-sc-block-startgroup\"><!-- end: comp mntl-sc-block-group-LI mntl-sc-block mntl-sc-block-startgroup -->\n<p id=\"mntl-sc-block_1-0-113\" class=\"comp mntl-sc-block mntl-sc-block-html\">\n<p>Znajd\u017a i wybierz <strong>kalendarz Google<\/strong>.\n<\/p>\n<p><!-- end: comp mntl-sc-block mntl-sc-block-html --><br \/>\n<!-- end: comp mntl-sc-block mntl-sc-block-adslot mntl-block -->\n<\/li>\n<li id=\"mntl-sc-block_1-0-116\" class=\"comp mntl-sc-block-group--LI mntl-sc-block mntl-sc-block-startgroup\"><!-- end: comp mntl-sc-block-group-LI mntl-sc-block mntl-sc-block-startgroup -->\n<p id=\"mntl-sc-block_1-0-117\" class=\"comp mntl-sc-block mntl-sc-block-html\">\n<p>Elija <strong>Aplikacja<\/strong> <strong>Informacje<\/strong>,\n<\/p>\n<p><!-- end: comp mntl-sc-block mntl-sc-block-html --><br \/>\n<!-- end: comp mntl-sc-block mntl-sc-block-adslot mntl-block -->\n<\/li>\n<li id=\"mntl-sc-block_1-0-120\" class=\"comp mntl-sc-block-group--LI mntl-sc-block mntl-sc-block-startgroup\"><!-- end: comp mntl-sc-block-group-LI mntl-sc-block mntl-sc-block-startgroup -->\n<p id=\"mntl-sc-block_1-0-121\" class=\"comp mntl-sc-block mntl-sc-block-html\">\n<p>Elija <strong>Wyczy\u015b\u0107 dane<\/strong> del men\u00fa.\n<\/p>\n<p><!-- end: comp mntl-sc-block mntl-sc-block-html --><br \/>\n<!-- end: comp mntl-sc-block mntl-sc-block-adslot mntl-block -->\n<\/li>\n<li id=\"mntl-sc-block_1-0-124\" class=\"comp mntl-sc-block-group--LI mntl-sc-block mntl-sc-block-startgroup\"><!-- end: comp mntl-sc-block-group-LI mntl-sc-block mntl-sc-block-startgroup -->\n<p id=\"mntl-sc-block_1-0-125\" class=\"comp mntl-sc-block mntl-sc-block-html\">\n<strong>Reinicie<\/strong> urz\u0105dzenie, aby zako\u0144czy\u0107 zapisywanie zmian.\n<\/p>\n<p><!-- end: comp mntl-sc-block mntl-sc-block-html --><br \/>\n<!-- end: comp mntl-sc-block mntl-sc-block-adslot mntl-block -->\n<\/li>\n<\/ol>\n<div id=\"mntl-sc-block_1-0-129\" class=\"comp theme-expanded mntl-sc-block tech-sc-block-faq mntl-sc-block-faq mntl-block\">\n<span class=\"heading-toc\" id=\"toc-frequently-asked-questions-cede1fba-541c-4c83-9caf-7aaef1b78c1f\" \/><\/p>\n<p>Preguntas m\u00e1s frecuentes<\/p>\n<p><!-- end: comp mntl-sc-block-faq__title mntl-text-block --><\/p>\n<ul id=\"mntl-sc-block-faq__content_1-0\" class=\"comp mntl-sc-block-faq__content mntl-accordion\">\n<li class=\"accordion__item js-accordion-item is-active\">\n<p>\n<span class=\"accordion__title\">Jak ukry\u0107 swoje urodziny na Facebooku?<\/span>\n<\/p>\n<p><!--end accordion__header--><\/p>\n<div class=\"accordion__body\">\n<div id=\"mntl-sc-block-faq__accordion-content_1-0-section-0\" class=\"comp class com.about.mantle.model.extended.docv2.sc.blocks.StructuredContentFaqEx$Faq mntl-sc-block-faq__accordion-content\">\n<div class=\"faq-accordion__item-answer\">\n<p>Nie mo\u017cesz ca\u0142kowicie usun\u0105\u0107 swoich urodzin, ale mo\u017cesz je ukry\u0107 na Facebooku.  Na stronie przejd\u017a do swojego profilu &gt; <strong>O<\/strong> &gt; <strong>Contacto e informaci\u00f3n b\u00e1sica<\/strong>y seleccione <strong>o\u0142\u00f3wek<\/strong> ikona obok twoich urodzin.  Mo\u017cesz wp\u0142ywa\u0107 na prywatno\u015b\u0107 zar\u00f3wno dnia, jak i roku;  aby go ca\u0142kowicie ukry\u0107, ustaw oba na <strong>S\u00f3lo yo<\/strong>.  W aplikacji przejd\u017a do <strong>Men\u00fa<\/strong> &gt; <strong>Tw\u00f3j profil<\/strong> &gt; <strong>Editar datos p\u00fablicos<\/strong> &gt; <strong>Editar informaci\u00f3n sobre ti mismo<\/strong>;  tutaj mo\u017cesz wprowadzi\u0107 te same zmiany prywatno\u015bci.<\/p>\n<\/div>\n<\/div>\n<p><!-- end: comp class com.about.mantle.model.extended.docv2.sc.blocks.StructuredContentFaqEx$Faq mntl-sc-block-faq__accordion-content -->\n<\/div>\n<p><!--end accordion__body-->\n<\/li>\n<p><!--end accordion__item--><\/p>\n<li class=\"accordion__item js-accordion-item is-active\">\n<p>\n<span class=\"accordion__title\">Jak otrzymywa\u0107 powiadomienia o urodzinach z Facebooka?<\/span>\n<\/p>\n<p><!--end accordion__header--><\/p>\n<div class=\"accordion__body\">\n<div id=\"mntl-sc-block-faq__accordion-content_1-0-section-1\" class=\"comp class com.about.mantle.model.extended.docv2.sc.blocks.StructuredContentFaqEx$Faq mntl-sc-block-faq__accordion-content\">\n<div class=\"faq-accordion__item-answer\">\n<p>W aplikacji przejd\u017a do <strong>Men\u00fa<\/strong> &gt; <strong>Ustawienia i prywatno\u015b\u0107<\/strong> &gt; <strong>Ajustes<\/strong> &gt; <strong>Configuraci\u00f3n del perfil<\/strong> &gt; <strong>Ustawienia powiadomie\u0144<\/strong>a nast\u0119pnie przewi\u0144 w d\u00f3\u0142 i wybierz <strong>Cumplea\u00f1os<\/strong>.  Aby aktywowa\u0107 te powiadomienia, upewnij si\u0119 <strong>Naciska\u0107<\/strong> jest w\u0142\u0105czony wraz z <strong>Nadchodz\u0105ce urodziny<\/strong> u do\u0142u ekranu.<\/p>\n<\/div>\n<\/div>\n<p><!-- end: comp class com.about.mantle.model.extended.docv2.sc.blocks.StructuredContentFaqEx$Faq mntl-sc-block-faq__accordion-content -->\n<\/div>\n<p><!--end accordion__body-->\n<\/li>\n<p><!--end accordion__item-->\n<\/ul>\n<p><!-- end: comp mntl-sc-block-faq__content mntl-accordion --><br \/>\n<!--end accordion -->\n<\/div>\n<p><!-- end: comp theme-expanded mntl-sc-block tech-sc-block-faq mntl-sc-block-faq mntl-block -->\n<\/div>","protected":false},"excerpt":{"rendered":"<p>Co wiedzie\u0107 Wersja przed iOS 11: Ustawienia &gt; Facebook &gt; Kalendarze &gt; skr\u0119ci\u0107 Wy\u0142\u0105czony. Android: Otw\u00f3rz kalendarz Google i wybierz Ikona z\u0119batki &gt; Ustawienia &gt; Kalendarz &gt; Urodziny Przyjaci\u00f3\u0142 &gt; Anuluj subskrypcj\u0119. Facebook: Menu &gt; Ustawienia i prywatno\u015b\u0107 &gt; Ustawienia &gt; Powiadomienia &gt; wy\u0142\u0105cz powiadomienia dla Urodziny. W tym artykule wyja\u015bniono, jak usun\u0105\u0107 urodziny Facebooka&#8230;<\/p>","protected":false},"author":1,"featured_media":8764,"comment_status":"open","ping_status":"open","sticky":false,"template":"","format":"standard","meta":{"_kad_blocks_custom_css":"","_kad_blocks_head_custom_js":"","_kad_blocks_body_custom_js":"","_kad_blocks_footer_custom_js":"","_kad_post_transparent":"","_kad_post_title":"","_kad_post_layout":"","_kad_post_sidebar_id":"","_kad_post_content_style":"","_kad_post_vertical_padding":"","_kad_post_feature":"","_kad_post_feature_position":"","_kad_post_header":false,"_kad_post_footer":false,"footnotes":""},"categories":[55],"tags":[],"class_list":["post-8762","post","type-post","status-publish","format-standard","has-post-thumbnail","hentry","category-facebook"],"taxonomy_info":{"category":[{"value":55,"label":"Facebook"}]},"featured_image_src_large":["https:\/\/social-media24.pl\/wp-content\/uploads\/2023\/04\/Jak-usunac-urodziny-Facebooka-z-kalendarza-1024x765.jpg",1024,765,true],"author_info":{"display_name":"social","author_link":"https:\/\/social-media24.pl\/es\/author\/social\/"},"comment_info":0,"category_info":[{"term_id":55,"name":"Facebook","slug":"facebook","term_group":0,"term_taxonomy_id":55,"taxonomy":"category","description":"","parent":0,"count":144,"filter":"raw","cat_ID":55,"category_count":144,"category_description":"","cat_name":"Facebook","category_nicename":"facebook","category_parent":0}],"tag_info":false,"_links":{"self":[{"href":"https:\/\/social-media24.pl\/es\/wp-json\/wp\/v2\/posts\/8762","targetHints":{"allow":["GET"]}}],"collection":[{"href":"https:\/\/social-media24.pl\/es\/wp-json\/wp\/v2\/posts"}],"about":[{"href":"https:\/\/social-media24.pl\/es\/wp-json\/wp\/v2\/types\/post"}],"author":[{"embeddable":true,"href":"https:\/\/social-media24.pl\/es\/wp-json\/wp\/v2\/users\/1"}],"replies":[{"embeddable":true,"href":"https:\/\/social-media24.pl\/es\/wp-json\/wp\/v2\/comments?post=8762"}],"version-history":[{"count":1,"href":"https:\/\/social-media24.pl\/es\/wp-json\/wp\/v2\/posts\/8762\/revisions"}],"predecessor-version":[{"id":17153,"href":"https:\/\/social-media24.pl\/es\/wp-json\/wp\/v2\/posts\/8762\/revisions\/17153"}],"wp:featuredmedia":[{"embeddable":true,"href":"https:\/\/social-media24.pl\/es\/wp-json\/wp\/v2\/media\/8764"}],"wp:attachment":[{"href":"https:\/\/social-media24.pl\/es\/wp-json\/wp\/v2\/media?parent=8762"}],"wp:term":[{"taxonomy":"category","embeddable":true,"href":"https:\/\/social-media24.pl\/es\/wp-json\/wp\/v2\/categories?post=8762"},{"taxonomy":"post_tag","embeddable":true,"href":"https:\/\/social-media24.pl\/es\/wp-json\/wp\/v2\/tags?post=8762"}],"curies":[{"name":"wp","href":"https:\/\/api.w.org\/{rel}","templated":true}]}}